{"id":6911,"date":"2023-01-03T23:09:16","date_gmt":"2023-01-04T02:09:16","guid":{"rendered":"https:\/\/clmulti.com\/wp\/?p=6911"},"modified":"2023-01-17T20:33:46","modified_gmt":"2023-01-17T23:33:46","slug":"firman-acuerdo-para-impulsar-puerto-busch-con-miras-al-atlantico","status":"publish","type":"post","link":"https:\/\/clmulti.com\/en\/articulos-de-interes\/firman-acuerdo-para-impulsar-puerto-busch-con-miras-al-atlantico\/","title":{"rendered":"Firman acuerdo para impulsar Puerto Busch con miras al Atl\u00e1ntico"},"content":{"rendered":"<p>Puerto Busch est\u00e1 en junto al R\u00edo Paraguay y mediante ella se puede acceder al Oc\u00e9ano Atl\u00e1ntico. Es una alternativa para exportar e importar productos frente a los puertos chilenos.<\/p>\n\n\n\n<figure class=\"wp-block-image size-full\"><img decoding=\"async\" width=\"623\" height=\"350\" src=\"https:\/\/clmulti.com\/wp\/wp-content\/uploads\/2023\/01\/puerto-busch.jpg\" alt=\"puerto-busch\" class=\"wp-image-6912\" srcset=\"https:\/\/clmulti.com\/wp\/wp-content\/uploads\/2023\/01\/puerto-busch.jpg 623w, https:\/\/clmulti.com\/wp\/wp-content\/uploads\/2023\/01\/puerto-busch-300x169.jpg 300w\" sizes=\"(max-width: 623px) 100vw, 623px\" \/><\/figure>\n\n\n\n<p>El presidente Evo Morales y representantes de los&nbsp;empresarios privados de&nbsp;Bolivia firmaron el acta de compromiso estrat\u00e9gico,&nbsp;<strong>para la construcci\u00f3n de un puerto mayor<\/strong>, que permitir\u00e1 el desarrollo integral del Puerto Busch, ubicado en el municipio Puerto Su\u00e1rez. Puerto Busch est\u00e1 en junto al R\u00edo Paraguay y mediante ella se puede acceder al Oc\u00e9ano Atl\u00e1ntico.<\/p>\n\n\n\n<p>El presidente de la&nbsp;Federaci\u00f3n de Empresario Privados de Santa Cruz, Luis Barbery, manifest\u00f3 que<strong>&nbsp;Puerto Busch es una aspiraci\u00f3n centenaria de Santa Cruz<\/strong>,\u2026 en el Memorando de 1904 los&nbsp;visionarios de esa \u00e9poca vieron que se deb\u00eda mirar al Atl\u00e1ntico mediante el R\u00edo Paraguay y dar la espalda al Pac\u00edfico (por puertos chilenos).<\/p>\n\n\n\n<p>Ronald Nostas Ardaya, presidente de la Confederaci\u00f3n de Empresarios Privados de&nbsp;Bolivia,&nbsp; dijo: \u201cLa firma de este acuerdo tiene alto valor patri\u00f3tico, a demanda del acceso mar\u00edtimo al Oc\u00e9ano Atl\u00e1ntico,<strong>&nbsp;nos gratifica que este proyecto se haga realidad en el oriente del pa\u00eds<\/strong>\u201c.<\/p>\n\n\n\n<ul class=\"wp-block-list\">\n<li><strong>D\u00f3nde est\u00e1 Puerto Busch, la puerta para ampliar el comercio exterior por el Atl\u00e1ntico<\/strong><\/li>\n<\/ul>\n\n\n\n<p>Por su parte, el presidente Evo Morales destac\u00f3 la predisposici\u00f3n de los empresarios para invertir y comprometi\u00f3 apoyo. \u00abEste acuerdo de Alianza Estrat\u00e9gica para el desarrollo de Puerto Bush, va a ser otra forma de trabajar conjuntamente para bien de todos los bolivianos y bolivianas, nos obliga a algunas restricciones con puertos de Chile y exportar con soberan\u00eda y dignidad y no estar sometidos a pol\u00edticos de otros pa\u00edses vecinos\u00bb, dijo el mandatario, seg\u00fan la transmisi\u00f3n de Bolivia TV.<\/p>\n\n\n\n<p>Seg\u00fan datos oficiales, ese acuerdo establece obligaciones mutuas entre el Estado y empresarios con una inversi\u00f3n inicial de&nbsp;<strong>450 millones de d\u00f3lares por parte del sector privado&nbsp;<\/strong>y el compromiso del sector p\u00fablico de concretar la infraestructura caminera, ferroviaria y la provisi\u00f3n de servicios b\u00e1sicos para el desarrollo de ese complejo comercial.<\/p>\n\n\n\n<p>Es una alianza estrat\u00e9gica p\u00fablico-privada que no tiene precedentes, expres\u00f3 el ministro de Gobierno, Carlos Romero, en su discurso.<\/p>","protected":false},"excerpt":{"rendered":"<p>Puerto Busch est\u00e1 en junto al R\u00edo Paraguay y mediante ella se puede acceder al Oc\u00e9ano Atl\u00e1ntico. Es una alternativa&#8230;<\/p>","protected":false},"author":1,"featured_media":6912,"comment_status":"closed","ping_status":"open","sticky":false,"template":"single-fullwidth.php","format":"standard","meta":{"footnotes":""},"categories":[24],"tags":[],"class_list":{"0":"post-6911","1":"post","2":"type-post","3":"status-publish","4":"format-standard","5":"has-post-thumbnail","7":"category-articulos-de-interes"},"_links":{"self":[{"href":"https:\/\/clmulti.com\/en\/wp-json\/wp\/v2\/posts\/6911","targetHints":{"allow":["GET"]}}],"collection":[{"href":"https:\/\/clmulti.com\/en\/wp-json\/wp\/v2\/posts"}],"about":[{"href":"https:\/\/clmulti.com\/en\/wp-json\/wp\/v2\/types\/post"}],"author":[{"embeddable":true,"href":"https:\/\/clmulti.com\/en\/wp-json\/wp\/v2\/users\/1"}],"replies":[{"embeddable":true,"href":"https:\/\/clmulti.com\/en\/wp-json\/wp\/v2\/comments?post=6911"}],"version-history":[{"count":2,"href":"https:\/\/clmulti.com\/en\/wp-json\/wp\/v2\/posts\/6911\/revisions"}],"predecessor-version":[{"id":6952,"href":"https:\/\/clmulti.com\/en\/wp-json\/wp\/v2\/posts\/6911\/revisions\/6952"}],"wp:featuredmedia":[{"embeddable":true,"href":"https:\/\/clmulti.com\/en\/wp-json\/wp\/v2\/media\/6912"}],"wp:attachment":[{"href":"https:\/\/clmulti.com\/en\/wp-json\/wp\/v2\/media?parent=6911"}],"wp:term":[{"taxonomy":"category","embeddable":true,"href":"https:\/\/clmulti.com\/en\/wp-json\/wp\/v2\/categories?post=6911"},{"taxonomy":"post_tag","embeddable":true,"href":"https:\/\/clmulti.com\/en\/wp-json\/wp\/v2\/tags?post=6911"}],"curies":[{"name":"wp","href":"https:\/\/api.w.org\/{rel}","templated":true}]}}